{"id":4453,"date":"2025-12-01T17:25:58","date_gmt":"2025-12-01T16:25:58","guid":{"rendered":"https:\/\/gsmarienschule-marienfeld.de\/?p=4453"},"modified":"2025-12-01T17:25:58","modified_gmt":"2025-12-01T16:25:58","slug":"unser-basteltag-eine-wunderbare-einstimmung-auf-den-advent","status":"publish","type":"post","link":"https:\/\/gsmarienschule-marienfeld.de\/2025\/12\/01\/unser-basteltag-eine-wunderbare-einstimmung-auf-den-advent\/","title":{"rendered":"Unser Basteltag \u2013 eine wunderbare Einstimmung auf den Advent"},"content":{"rendered":"\n<p><\/p>\n\n\n\n<p>Wie in jedem Jahr wurde auch am diesj\u00e4hrigen Freitag vor dem ersten Advent geschnitten, geklebt, geh\u00e4mmert, gen\u00e4ht und ges\u00e4gt.<\/p>\n\n\n\n<figure class=\"wp-block-image size-large\"><img loading=\"lazy\" decoding=\"async\" width=\"1024\" height=\"976\" src=\"https:\/\/gsmarienschule-marienfeld.de\/wp-content\/uploads\/2025\/12\/IMG_1508-1024x976.jpeg\" alt=\"\" class=\"wp-image-4454\" srcset=\"https:\/\/gsmarienschule-marienfeld.de\/wp-content\/uploads\/2025\/12\/IMG_1508-1024x976.jpeg 1024w, https:\/\/gsmarienschule-marienfeld.de\/wp-content\/uploads\/2025\/12\/IMG_1508-300x286.jpeg 300w, https:\/\/gsmarienschule-marienfeld.de\/wp-content\/uploads\/2025\/12\/IMG_1508-768x732.jpeg 768w, https:\/\/gsmarienschule-marienfeld.de\/wp-content\/uploads\/2025\/12\/IMG_1508-1536x1464.jpeg 1536w, https:\/\/gsmarienschule-marienfeld.de\/wp-content\/uploads\/2025\/12\/IMG_1508-2048x1953.jpeg 2048w\" sizes=\"auto, (max-width: 1024px) 100vw, 1024px\" \/><\/figure>\n\n\n<div class=\"wp-block-image\">\n<figure class=\"aligncenter size-large is-resized\"><img loading=\"lazy\" decoding=\"async\" width=\"872\" height=\"1024\" src=\"https:\/\/gsmarienschule-marienfeld.de\/wp-content\/uploads\/2025\/12\/IMG_1557-872x1024.jpeg\" alt=\"\" class=\"wp-image-4459\" style=\"width:496px;height:auto\" srcset=\"https:\/\/gsmarienschule-marienfeld.de\/wp-content\/uploads\/2025\/12\/IMG_1557-872x1024.jpeg 872w, https:\/\/gsmarienschule-marienfeld.de\/wp-content\/uploads\/2025\/12\/IMG_1557-256x300.jpeg 256w, https:\/\/gsmarienschule-marienfeld.de\/wp-content\/uploads\/2025\/12\/IMG_1557-768x902.jpeg 768w, https:\/\/gsmarienschule-marienfeld.de\/wp-content\/uploads\/2025\/12\/IMG_1557-1308x1536.jpeg 1308w, https:\/\/gsmarienschule-marienfeld.de\/wp-content\/uploads\/2025\/12\/IMG_1557-1744x2048.jpeg 1744w\" sizes=\"auto, (max-width: 872px) 100vw, 872px\" \/><\/figure>\n<\/div>\n\n<div class=\"wp-block-image\">\n<figure class=\"aligncenter size-large is-resized\"><img loading=\"lazy\" decoding=\"async\" width=\"796\" height=\"1024\" src=\"https:\/\/gsmarienschule-marienfeld.de\/wp-content\/uploads\/2025\/12\/IMG_1551-796x1024.jpeg\" alt=\"\" class=\"wp-image-4455\" style=\"width:500px;height:auto\" srcset=\"https:\/\/gsmarienschule-marienfeld.de\/wp-content\/uploads\/2025\/12\/IMG_1551-796x1024.jpeg 796w, https:\/\/gsmarienschule-marienfeld.de\/wp-content\/uploads\/2025\/12\/IMG_1551-233x300.jpeg 233w, https:\/\/gsmarienschule-marienfeld.de\/wp-content\/uploads\/2025\/12\/IMG_1551-768x988.jpeg 768w, https:\/\/gsmarienschule-marienfeld.de\/wp-content\/uploads\/2025\/12\/IMG_1551-1194x1536.jpeg 1194w, https:\/\/gsmarienschule-marienfeld.de\/wp-content\/uploads\/2025\/12\/IMG_1551-1592x2048.jpeg 1592w, https:\/\/gsmarienschule-marienfeld.de\/wp-content\/uploads\/2025\/12\/IMG_1551-scaled.jpeg 1990w\" sizes=\"auto, (max-width: 796px) 100vw, 796px\" \/><\/figure>\n<\/div>\n\n\n<p>Durchs Schulhaus stieg ein s\u00fc\u00dfer Pl\u00e4tzchenduft und aus den Klassenzimmern klangen weihnachtliche Lieder.<\/p>\n\n\n<div class=\"wp-block-image\">\n<figure class=\"aligncenter size-large is-resized\"><img loading=\"lazy\" decoding=\"async\" width=\"992\" height=\"1024\" src=\"https:\/\/gsmarienschule-marienfeld.de\/wp-content\/uploads\/2025\/12\/IMG_1536-992x1024.jpeg\" alt=\"\" class=\"wp-image-4456\" style=\"width:503px;height:auto\" srcset=\"https:\/\/gsmarienschule-marienfeld.de\/wp-content\/uploads\/2025\/12\/IMG_1536-992x1024.jpeg 992w, https:\/\/gsmarienschule-marienfeld.de\/wp-content\/uploads\/2025\/12\/IMG_1536-291x300.jpeg 291w, https:\/\/gsmarienschule-marienfeld.de\/wp-content\/uploads\/2025\/12\/IMG_1536-768x793.jpeg 768w, https:\/\/gsmarienschule-marienfeld.de\/wp-content\/uploads\/2025\/12\/IMG_1536-1488x1536.jpeg 1488w, https:\/\/gsmarienschule-marienfeld.de\/wp-content\/uploads\/2025\/12\/IMG_1536-1984x2048.jpeg 1984w\" sizes=\"auto, (max-width: 992px) 100vw, 992px\" \/><\/figure>\n<\/div>\n\n\n<p><\/p>\n\n\n\n<p>Gemeinsam wurden Fenster und der Weihnachtsbaum im Foyer geschm\u00fcckt, der nun mit vielen kleinen Lichtern f\u00fcr eine stimmungsvolle Atmosph\u00e4re sorgt.<\/p>\n\n\n<div class=\"wp-block-image\">\n<figure class=\"aligncenter size-large is-resized\"><img loading=\"lazy\" decoding=\"async\" width=\"768\" height=\"1024\" src=\"https:\/\/gsmarienschule-marienfeld.de\/wp-content\/uploads\/2025\/12\/IMG_1520-768x1024.jpeg\" alt=\"\" class=\"wp-image-4458\" style=\"width:541px;height:auto\" srcset=\"https:\/\/gsmarienschule-marienfeld.de\/wp-content\/uploads\/2025\/12\/IMG_1520-768x1024.jpeg 768w, https:\/\/gsmarienschule-marienfeld.de\/wp-content\/uploads\/2025\/12\/IMG_1520-225x300.jpeg 225w, https:\/\/gsmarienschule-marienfeld.de\/wp-content\/uploads\/2025\/12\/IMG_1520-300x400.jpeg 300w, https:\/\/gsmarienschule-marienfeld.de\/wp-content\/uploads\/2025\/12\/IMG_1520-1152x1536.jpeg 1152w, https:\/\/gsmarienschule-marienfeld.de\/wp-content\/uploads\/2025\/12\/IMG_1520-1536x2048.jpeg 1536w, https:\/\/gsmarienschule-marienfeld.de\/wp-content\/uploads\/2025\/12\/IMG_1520-scaled.jpeg 1920w\" sizes=\"auto, (max-width: 768px) 100vw, 768px\" \/><\/figure>\n<\/div>\n\n<div class=\"wp-block-image\">\n<figure class=\"aligncenter size-large is-resized\"><img loading=\"lazy\" decoding=\"async\" width=\"576\" height=\"1024\" src=\"https:\/\/gsmarienschule-marienfeld.de\/wp-content\/uploads\/2025\/12\/IMG_4062-576x1024.jpeg\" alt=\"\" class=\"wp-image-4457\" style=\"width:536px;height:auto\" srcset=\"https:\/\/gsmarienschule-marienfeld.de\/wp-content\/uploads\/2025\/12\/IMG_4062-576x1024.jpeg 576w, https:\/\/gsmarienschule-marienfeld.de\/wp-content\/uploads\/2025\/12\/IMG_4062-169x300.jpeg 169w, https:\/\/gsmarienschule-marienfeld.de\/wp-content\/uploads\/2025\/12\/IMG_4062-768x1365.jpeg 768w, https:\/\/gsmarienschule-marienfeld.de\/wp-content\/uploads\/2025\/12\/IMG_4062-864x1536.jpeg 864w, https:\/\/gsmarienschule-marienfeld.de\/wp-content\/uploads\/2025\/12\/IMG_4062-1152x2048.jpeg 1152w, https:\/\/gsmarienschule-marienfeld.de\/wp-content\/uploads\/2025\/12\/IMG_4062-scaled.jpeg 1440w\" sizes=\"auto, (max-width: 576px) 100vw, 576px\" \/><\/figure>\n<\/div>\n\n\n<p><\/p>\n\n\n\n<p>Besonders gefreut haben wir uns \u00fcber die tatkr\u00e4ftige Unterst\u00fctzung zahlreicher Eltern, die an diesem Tag mitgebastelt, vorbereitet, gebacken und geholfen haben.<\/p>\n\n\n\n<p>Unser Basteltag ist eine sch\u00f6ne Tradition, die Gemeinschaft schafft und uns alle auf die Adventszeit einstimmt.<\/p>\n","protected":false},"excerpt":{"rendered":"<div class=\"mh-excerpt\">Wie in jedem Jahr wurde auch am diesj\u00e4hrigen Freitag vor dem ersten Advent geschnitten, geklebt, geh\u00e4mmert, gen\u00e4ht und ges\u00e4gt. Durchs Schulhaus stieg ein s\u00fc\u00dfer Pl\u00e4tzchenduft und aus den Klassenzimmern klangen weihnachtliche Lieder. Gemeinsam wurden Fenster <a class=\"mh-excerpt-more\" href=\"https:\/\/gsmarienschule-marienfeld.de\/2025\/12\/01\/unser-basteltag-eine-wunderbare-einstimmung-auf-den-advent\/\" title=\"Unser Basteltag \u2013 eine wunderbare Einstimmung auf den Advent\">[&#8230;]<\/a><\/div>\n","protected":false},"author":1,"featured_media":0,"comment_status":"closed","ping_status":"open","sticky":false,"template":"","format":"standard","meta":{"footnotes":""},"categories":[5,75],"tags":[],"class_list":{"0":"post-4453","1":"post","2":"type-post","3":"status-publish","4":"format-standard","6":"category-allgemein","7":"category-schuljahr-25-26"},"_links":{"self":[{"href":"https:\/\/gsmarienschule-marienfeld.de\/wp-json\/wp\/v2\/posts\/4453","targetHints":{"allow":["GET"]}}],"collection":[{"href":"https:\/\/gsmarienschule-marienfeld.de\/wp-json\/wp\/v2\/posts"}],"about":[{"href":"https:\/\/gsmarienschule-marienfeld.de\/wp-json\/wp\/v2\/types\/post"}],"author":[{"embeddable":true,"href":"https:\/\/gsmarienschule-marienfeld.de\/wp-json\/wp\/v2\/users\/1"}],"replies":[{"embeddable":true,"href":"https:\/\/gsmarienschule-marienfeld.de\/wp-json\/wp\/v2\/comments?post=4453"}],"version-history":[{"count":1,"href":"https:\/\/gsmarienschule-marienfeld.de\/wp-json\/wp\/v2\/posts\/4453\/revisions"}],"predecessor-version":[{"id":4460,"href":"https:\/\/gsmarienschule-marienfeld.de\/wp-json\/wp\/v2\/posts\/4453\/revisions\/4460"}],"wp:attachment":[{"href":"https:\/\/gsmarienschule-marienfeld.de\/wp-json\/wp\/v2\/media?parent=4453"}],"wp:term":[{"taxonomy":"category","embeddable":true,"href":"https:\/\/gsmarienschule-marienfeld.de\/wp-json\/wp\/v2\/categories?post=4453"},{"taxonomy":"post_tag","embeddable":true,"href":"https:\/\/gsmarienschule-marienfeld.de\/wp-json\/wp\/v2\/tags?post=4453"}],"curies":[{"name":"wp","href":"https:\/\/api.w.org\/{rel}","templated":true}]}}